{"id":1361,"date":"2019-08-31T16:14:00","date_gmt":"2019-08-31T14:14:00","guid":{"rendered":"https:\/\/cacciatorisicilianiuniti.it\/?p=1361"},"modified":"2021-04-02T02:25:08","modified_gmt":"2021-04-02T00:25:08","slug":"una-dovuta-risposta-al-rag-calogero-la-porta-presidente-nazionale-della-federazione-siciliana-della-caccia-e-della-unaves","status":"publish","type":"post","link":"https:\/\/cacciatorisicilianiuniti.it\/index.php\/2019\/08\/31\/una-dovuta-risposta-al-rag-calogero-la-porta-presidente-nazionale-della-federazione-siciliana-della-caccia-e-della-unaves\/","title":{"rendered":"UNA DOVUTA RISPOSTA al rag. CALOGERO LA PORTA, Presidente Nazionale della Federazione Siciliana della Caccia e della UNAVES."},"content":{"rendered":"\n<p>Il rag. La Porta Calogero, Lillo per gli amici ( e voglio pensare d\u2019essere comunque e sempre annoverato tra questi, perch\u00e9 in fondo a Lillo gli voglio un mondo di bene ) \u00e8 un simpatico signore pi\u00f9 che settantenne, con tanta buona volont\u00e0 ma con tanti cattivi consiglieri.<\/p>\n\n\n\n<p>Lillo La Porta, presidente nazionale della F.S.d.C. nonch\u00e9 dell\u2019UNAVES ( sciagurata aggregazione di persone per bene se le prendiamo nella loro individualit\u00e0, ma &#8211; ahim\u00e8 \u2013 DIO CE NE LIBERI quando agiscono nella qualit\u00e0 di presidenti delle proprie rispettive associazioni\u2026..!!!), dicevo Lillo La Porta mi manda a dire, con un comunicato UNAVES ( sic!!! ) che, in merito alla vigenza o meno del Piano Regionale Faunistico Venatorio, in buona sostanza SCONOSCO LA LEGGE e \u2013 cosa gravissima ed orrenda \u2013 questa \u201cignoranza\u201d \u00e8 aggravata dal fatto che il \u201cfunzionario direttivo\u201d Alfano \u00e8 un dipendente della Ripartizione Faunistico Venatoria di Ragusa.<\/p>\n\n\n\n<p>Il tema del contendere \u00e8 dunque la validit\u00e0 o meno del Piano Regionale Faunistico Venatorio 2013-2018, scaduto nel 2018 a parere dello scrivente ed invece ANCORA VALIDO per\u2026 \u201cautomatica proroga\u201d &#8230; a parere di Lillo La Porta o, meglio, a parere di chi ha \u201cCOSI\u2019 CONSIGLIATO\u201d Lillo La Porta, perch\u00e9 &#8211; certamente &#8211; Lillo avr\u00e0 preventivamente consultato lo staff di eccellenti avvocati di cui dispone la UNAVES.<\/p>\n\n\n\n<hr class=\"wp-block-separator\" id=\"system-readmore\"\/>\n\n\n\n<p>Prima di entrare nel merito della questione che, anticipo, \u00e8 questione complessa, ho da rappresentare a Lillo questo preliminare motivo di lagnanza:<\/p>\n\n\n\n<p>&#8211; viene redatto un documento a me indirizzato ma MAI RITUALMENTE INVIATO, in pratica ne HO CONOSCENZA SOLO VIA WA perch\u00e9 INVIATOMI da alcuni amici.<\/p>\n\n\n\n<p>Non mi pare proprio sia un bell\u2019 EDUCATO MODO di colloquiare con le persone, perch\u00e9 le regole del bon ton vorrebbero che una lettera indirizzata ad un signore venga a questi recapitata, giammai resa anticipatamente pubblica al fine di esporla preventivamente ai giudizi ed alle considerazioni del web.<\/p>\n\n\n\n<p>Ma &#8211; tant\u2019\u00e8 &#8211; la \u201cbuona educazione\u201d \u00e8 virt\u00f9 dimenticata ai tempi d\u2019oggi e, frequentando certi ambienti, me ne sono fatta una ragione!!<\/p>\n\n\n\n<p>Entriamo nel MERITO della questione.<\/p>\n\n\n\n<p>1\u00b0 &#8211; Mi sento profondamente MORTIFICATO d\u2019essere stato COLTO IN FALLO da Lillo La Porta, tuttavia con la coscienza della \u201cDOCTA IGNORANTIA\u201d ovvero di sapere perch\u00e9 so di non sapere, mi accingerei ad una lectio magistralis di diritto amministrativo, ma l\u2019argomento \u00e8 estremamente tecnico e, in questa sede, troverebbe tantissima gente assolutamente disinteressata che si stuferebbe in un battibaleno e \u2026 in un battibaleno \u2026 manderebbe a quel paese sia me che il buon Lillo La Porta.<\/p>\n\n\n\n<p>2\u00b0 &#8211; Dunque sar\u00f2 SINTETICO e rammento solo che nel diritto NON ESISTONO AUTOMATISMI, ma formali atti che conferiscano certezza a fatti giuridicamente rilevanti, eppertanto, la parola \u201cEVENTUALI\u201d inserita nella nuova formulazione dell\u2019art. 15 della L.r. 33\/97, posta dall\u2019art. 20 comma 2\u00b0 lettera b) della L.r. 1\u00b0 Luglio 2018 n\u00b0 10 \u2013 legge di stabilit\u00e0 regionale &#8211; NON ELUDE n\u00e9 si sottrae all\u2019OBBLIGO di CERTEZZA GIURIDICA dell\u2019atto, ovvero dare CERTEZZA PUBBLICA sulla assenza DI MODIFICHE E REVISIONI al vigente Piano Regionale Faunistico Venatorio, altrimenti l\u2019interprete che deve applicare la norma, nella specifica per esempio chi elabora il C.V., prepara un documento che si esporrebbe alla NULLITA\u2019, \u201csconoscendo\u201d se nel quinquennio SIANO O MENO INTERVENUTE MODIFICHE le quali chiamino ad una REVISIONE del P.R.F.V. e, consentimi caro Lillo, nel quinquennio 2013-2018 di modifiche all\u2019assetto territoriale e normativo che CHIAMANO ad una REVISIONE del P.R.F.V. ne sono intervenute a BIZZEFFE.<\/p>\n\n\n\n<p>Pertanto provare a sconoscerle o ancor peggio ignorarle \u00e8 segno di PROFONDA IMPREPARAZIONE, PROFONDA APPROSSIMAZIONE, PROFONDA IRRESPONSABILITA\u2019, PROFONDA IGNORANTIA, da parte delle dirigenze regionali chiamate al CONTROLLO, degli operatori del diritto chiamati ad APPLICARLE, con potenziale GRAVE DANNO per i destinatari portatori d\u2019interesse che ne sono i beneficiari!!!<\/p>\n\n\n\n<p>Dunque il P.R.F.V. \u00e8 ben privo di ogni validit\u00e0 e ben farebbero le dirigenze regionali preposte alla materia a mettervi URGENTEMENTE MANO, perch\u00e9 su questa materia si scatener\u00e0 l\u2019IRA FUNESTA della C.S.U. e NON SUL CALENDARIO VENATORIO, strumento a corta efficacia perch\u00e8 esprime i suoi effetti SOLO nell\u2019arco di 5 mesi, col rischio di danneggiare il cacciatore siciliano ancor di pi\u00f9 di quanto non sia stato gi\u00e0 fatto.<\/p>\n\n\n\n<p>Qui mi fermo, restando sempre disponibile a chiarimenti ed approfondimenti.<\/p>\n\n\n\n<p>Tuo affezionatissimo<\/p>\n\n\n\n<p>Carmelo Francesco Alfano<\/p>\n","protected":false},"excerpt":{"rendered":"<p>Il rag. La Porta Calogero, Lillo per gli amici ( e voglio pensare d\u2019essere comunque e sempre annoverato tra questi, perch\u00e9 in fondo a Lillo gli voglio un mondo di bene ) \u00e8 un simpatico signore pi\u00f9 che settantenne, con tanta buona volont\u00e0 ma con tanti cattivi consiglieri. Lillo La Porta, presidente nazionale della F.S.d.C. [&hellip;]<\/p>\n","protected":false},"author":1,"featured_media":1363,"comment_status":"closed","ping_status":"open","sticky":false,"template":"","format":"standard","meta":{"footnotes":""},"categories":[25],"tags":[],"class_list":["post-1361","post","type-post","status-publish","format-standard","has-post-thumbnail","hentry","category-comunicati-2019"],"blocksy_meta":{"styles_descriptor":{"styles":{"desktop":"","tablet":"","mobile":""},"google_fonts":[],"version":6}},"featured_image_urls":{"full":["https:\/\/cacciatorisicilianiuniti.it\/wp-content\/uploads\/2019\/08\/16-82d14d_XL.jpg",900,415,false],"thumbnail":["https:\/\/cacciatorisicilianiuniti.it\/wp-content\/uploads\/2019\/08\/16-82d14d_XL-150x150.jpg",150,150,true],"medium":["https:\/\/cacciatorisicilianiuniti.it\/wp-content\/uploads\/2019\/08\/16-82d14d_XL-300x138.jpg",300,138,true],"medium_large":["https:\/\/cacciatorisicilianiuniti.it\/wp-content\/uploads\/2019\/08\/16-82d14d_XL-768x354.jpg",768,354,true],"large":["https:\/\/cacciatorisicilianiuniti.it\/wp-content\/uploads\/2019\/08\/16-82d14d_XL.jpg",900,415,false],"1536x1536":["https:\/\/cacciatorisicilianiuniti.it\/wp-content\/uploads\/2019\/08\/16-82d14d_XL.jpg",900,415,false],"2048x2048":["https:\/\/cacciatorisicilianiuniti.it\/wp-content\/uploads\/2019\/08\/16-82d14d_XL.jpg",900,415,false],"woocommerce_archive_thumbnail":["https:\/\/cacciatorisicilianiuniti.it\/wp-content\/uploads\/2019\/08\/16-82d14d_XL-300x400.jpg",300,400,true],"woocommerce_thumbnail":["https:\/\/cacciatorisicilianiuniti.it\/wp-content\/uploads\/2019\/08\/16-82d14d_XL-300x400.jpg",300,400,true],"woocommerce_single":["https:\/\/cacciatorisicilianiuniti.it\/wp-content\/uploads\/2019\/08\/16-82d14d_XL-600x277.jpg",600,277,true],"woocommerce_gallery_thumbnail":["https:\/\/cacciatorisicilianiuniti.it\/wp-content\/uploads\/2019\/08\/16-82d14d_XL-100x100.jpg",100,100,true],"shop_catalog":["https:\/\/cacciatorisicilianiuniti.it\/wp-content\/uploads\/2019\/08\/16-82d14d_XL-300x400.jpg",300,400,true],"shop_single":["https:\/\/cacciatorisicilianiuniti.it\/wp-content\/uploads\/2019\/08\/16-82d14d_XL-600x277.jpg",600,277,true],"shop_thumbnail":["https:\/\/cacciatorisicilianiuniti.it\/wp-content\/uploads\/2019\/08\/16-82d14d_XL-100x100.jpg",100,100,true]},"post_excerpt_stackable":"<p>Il rag. La Porta Calogero, Lillo per gli amici ( e voglio pensare d\u2019essere comunque e sempre annoverato tra questi, perch\u00e9 in fondo a Lillo gli voglio un mondo di bene ) \u00e8 un simpatico signore pi\u00f9 che settantenne, con tanta buona volont\u00e0 ma con tanti cattivi consiglieri. Lillo La Porta, presidente nazionale della F.S.d.C. nonch\u00e9 dell\u2019UNAVES ( sciagurata aggregazione di persone per bene se le prendiamo nella loro individualit\u00e0, ma &#8211; ahim\u00e8 \u2013 DIO CE NE LIBERI quando agiscono nella qualit\u00e0 di presidenti delle proprie rispettive associazioni\u2026..!!!), dicevo Lillo La Porta mi manda a dire, con un comunicato UNAVES&hellip;<\/p>\n","category_list":"<a href=\"https:\/\/cacciatorisicilianiuniti.it\/index.php\/category\/comunicati-2019\/\" rel=\"category tag\">Comunicati 2019<\/a>","author_info":{"name":"Superroot","url":"https:\/\/cacciatorisicilianiuniti.it\/index.php\/author\/superroot\/"},"comments_num":"0 commenti","featured_image_urls_v2":{"full":["https:\/\/cacciatorisicilianiuniti.it\/wp-content\/uploads\/2019\/08\/16-82d14d_XL.jpg",900,415,false],"thumbnail":["https:\/\/cacciatorisicilianiuniti.it\/wp-content\/uploads\/2019\/08\/16-82d14d_XL-150x150.jpg",150,150,true],"medium":["https:\/\/cacciatorisicilianiuniti.it\/wp-content\/uploads\/2019\/08\/16-82d14d_XL-300x138.jpg",300,138,true],"medium_large":["https:\/\/cacciatorisicilianiuniti.it\/wp-content\/uploads\/2019\/08\/16-82d14d_XL-768x354.jpg",768,354,true],"large":["https:\/\/cacciatorisicilianiuniti.it\/wp-content\/uploads\/2019\/08\/16-82d14d_XL.jpg",900,415,false],"1536x1536":["https:\/\/cacciatorisicilianiuniti.it\/wp-content\/uploads\/2019\/08\/16-82d14d_XL.jpg",900,415,false],"2048x2048":["https:\/\/cacciatorisicilianiuniti.it\/wp-content\/uploads\/2019\/08\/16-82d14d_XL.jpg",900,415,false],"woocommerce_archive_thumbnail":["https:\/\/cacciatorisicilianiuniti.it\/wp-content\/uploads\/2019\/08\/16-82d14d_XL-300x400.jpg",300,400,true],"woocommerce_thumbnail":["https:\/\/cacciatorisicilianiuniti.it\/wp-content\/uploads\/2019\/08\/16-82d14d_XL-300x400.jpg",300,400,true],"woocommerce_single":["https:\/\/cacciatorisicilianiuniti.it\/wp-content\/uploads\/2019\/08\/16-82d14d_XL-600x277.jpg",600,277,true],"woocommerce_gallery_thumbnail":["https:\/\/cacciatorisicilianiuniti.it\/wp-content\/uploads\/2019\/08\/16-82d14d_XL-100x100.jpg",100,100,true],"shop_catalog":["https:\/\/cacciatorisicilianiuniti.it\/wp-content\/uploads\/2019\/08\/16-82d14d_XL-300x400.jpg",300,400,true],"shop_single":["https:\/\/cacciatorisicilianiuniti.it\/wp-content\/uploads\/2019\/08\/16-82d14d_XL-600x277.jpg",600,277,true],"shop_thumbnail":["https:\/\/cacciatorisicilianiuniti.it\/wp-content\/uploads\/2019\/08\/16-82d14d_XL-100x100.jpg",100,100,true]},"post_excerpt_stackable_v2":"<p>Il rag. La Porta Calogero, Lillo per gli amici ( e voglio pensare d\u2019essere comunque e sempre annoverato tra questi, perch\u00e9 in fondo a Lillo gli voglio un mondo di bene ) \u00e8 un simpatico signore pi\u00f9 che settantenne, con tanta buona volont\u00e0 ma con tanti cattivi consiglieri. Lillo La Porta, presidente nazionale della F.S.d.C. nonch\u00e9 dell\u2019UNAVES ( sciagurata aggregazione di persone per bene se le prendiamo nella loro individualit\u00e0, ma &#8211; ahim\u00e8 \u2013 DIO CE NE LIBERI quando agiscono nella qualit\u00e0 di presidenti delle proprie rispettive associazioni\u2026..!!!), dicevo Lillo La Porta mi manda a dire, con un comunicato UNAVES&hellip;<\/p>\n","category_list_v2":"<a href=\"https:\/\/cacciatorisicilianiuniti.it\/index.php\/category\/comunicati-2019\/\" rel=\"category tag\">Comunicati 2019<\/a>","author_info_v2":{"name":"Superroot","url":"https:\/\/cacciatorisicilianiuniti.it\/index.php\/author\/superroot\/"},"comments_num_v2":"0 commenti","_links":{"self":[{"href":"https:\/\/cacciatorisicilianiuniti.it\/index.php\/wp-json\/wp\/v2\/posts\/1361","targetHints":{"allow":["GET"]}}],"collection":[{"href":"https:\/\/cacciatorisicilianiuniti.it\/index.php\/wp-json\/wp\/v2\/posts"}],"about":[{"href":"https:\/\/cacciatorisicilianiuniti.it\/index.php\/wp-json\/wp\/v2\/types\/post"}],"author":[{"embeddable":true,"href":"https:\/\/cacciatorisicilianiuniti.it\/index.php\/wp-json\/wp\/v2\/users\/1"}],"replies":[{"embeddable":true,"href":"https:\/\/cacciatorisicilianiuniti.it\/index.php\/wp-json\/wp\/v2\/comments?post=1361"}],"version-history":[{"count":1,"href":"https:\/\/cacciatorisicilianiuniti.it\/index.php\/wp-json\/wp\/v2\/posts\/1361\/revisions"}],"predecessor-version":[{"id":1362,"href":"https:\/\/cacciatorisicilianiuniti.it\/index.php\/wp-json\/wp\/v2\/posts\/1361\/revisions\/1362"}],"wp:featuredmedia":[{"embeddable":true,"href":"https:\/\/cacciatorisicilianiuniti.it\/index.php\/wp-json\/wp\/v2\/media\/1363"}],"wp:attachment":[{"href":"https:\/\/cacciatorisicilianiuniti.it\/index.php\/wp-json\/wp\/v2\/media?parent=1361"}],"wp:term":[{"taxonomy":"category","embeddable":true,"href":"https:\/\/cacciatorisicilianiuniti.it\/index.php\/wp-json\/wp\/v2\/categories?post=1361"},{"taxonomy":"post_tag","embeddable":true,"href":"https:\/\/cacciatorisicilianiuniti.it\/index.php\/wp-json\/wp\/v2\/tags?post=1361"}],"curies":[{"name":"wp","href":"https:\/\/api.w.org\/{rel}","templated":true}]}}